{"id":3315,"date":"2021-06-02T13:33:12","date_gmt":"2021-06-02T11:33:12","guid":{"rendered":"https:\/\/programme-neuf-rennes.fr\/?p=3315"},"modified":"2026-02-23T09:46:26","modified_gmt":"2026-02-23T08:46:26","slug":"heritaj-rennes-centre-35","status":"publish","type":"post","link":"https:\/\/programme-neuf-rennes.fr\/index.php\/2021\/06\/02\/heritaj-rennes-centre-35\/","title":{"rendered":"HERITAJ &#8211; RENNES-CENTRE (35)"},"content":{"rendered":"\n<p>Choisissez un appartement neuf, moderne et perfectionn\u00e9 pour vous &gt; EXEPTIONNEL \u00c0 RENNES CENTRE-VILLE &#8211; PLACE DE BRETAGNE<\/p>\n\n\n\n<p>Magnifique appartement au dernier \u00e9tage d&#8217;une r\u00e9sidence de Standing et calme.<\/p>\n\n\n\n<p>Belles prestations pour cet appartement neuf disponible imm\u00e9diatement ! Vous poss\u00e9dez trois chambres d&#8217;on une suite parentale avec terrasse expos\u00e9e plein Sud. \u00c0 proximit\u00e9 imm\u00e9diate du m\u00e9tro R\u00e9publique et de la gare<br>(1h30 de Paris). Vous serez s\u00e9duit par une vue imprenable sur la capitale bretonne gr\u00e2ce \u00e0 une terrasse de plus de 120m2, annex\u00e9e \u00e0 un salon s\u00e9jour moderne avec espace cuisine ouverte.<\/p>\n\n\n\n<p>Les prestations :<\/p>\n\n\n\n<p>Etage 8 :<\/p>\n\n\n\n<ul><li>Salon s\u00e9jour + Cuisine + Entr\u00e9e : 48m2<\/li><li>1 Buanderie<\/li><li>1 Toilette<\/li><li>Terrasse Plein-Sud : 123m2<\/li><\/ul>\n\n\n\n<p>Etage 9 (duplex) :<\/p>\n\n\n\n<ul><li>1 Suite parentale avec salle de bain et dressing + terrasse 12m2<\/li><li>2 Chambres de 15m2 et 10m2 avec rangements<\/li><li>1 Salle d&#8217;eau double vasque<\/li><li>1 Toilette<\/li><li>2 places de Parking + PKSS<\/li><\/ul>\n\n\n\n<p><strong>Prix : 1 150 000euros TTC honoraires inclus<br>(Nos partenariats vous garantissent les m\u00eames prix que les promoteurs eux m\u00eames)<\/strong><\/p>\n\n\n\n<p>Heritaj vous propose un magnifique appartements d&#8217;exception. Pour vous offrir un confort \u00e0 la pointe de l&#8217;innovation, votre appartement est \u00e9quip\u00e9 de prestations 2.0 ! Vous r\u00e9glez le thermostat g\u00e9n\u00e9ral, l&#8217;\u00e9clairage et commandez l&#8217;alarme ou encore les volets roulants depuis votre smartphone, votre tablette ou votre ordinateur. L&#8217;appartement est livr\u00e9 avec du parquet dans les chambres, du carrelage aux larges dalles, de placards am\u00e9nag\u00e9s et de menuiseries en aluminium. \u00c9galement, vous b\u00e9n\u00e9ficiez d&#8217;un ou plusieurs parkings et d&#8217;une cave s\u00e9curis\u00e9e. Le chauffage et l&#8217;eau chaude sont produits par le r\u00e9seau de chaleur urbain avec les comptages individualis\u00e9s.<\/p>\n\n\n\n<p>Heritaj, un programme immobilier contemporain offrant un cadre de vie remarquable.<\/p>\n\n\n\n<p>Pens\u00e9 et fa\u00e7onn\u00e9 par les architectes Jean-Fran\u00e7ois GOLHEN, MPA et ECDM, votre programme immobilier vous permet de b\u00e9n\u00e9ficier d&#8217;un lieu de vie agr\u00e9able et lumineux. \u00c0 une encablure de la place de la R\u00e9publique, dans l&#8217;hypercentre de Rennes, vous profitez d&#8217;une situation privil\u00e9gi\u00e9e qui met l&#8217;accent sur la proximit\u00e9. Situ\u00e9e rue du Pr\u00e9-perch\u00e9 \u00e0 quelques pas de la halle centrale, Cr\u00e9dit Agricole Immobilier vous propose une adresse de choix dans le centre de Rennes. En seulement 10 minutes \u00e0 pied (source : Mappy), vous profitez de tous les attraits et charme du centre-ville (commerces, \u00e9coles, cin\u00e9mas, mus\u00e9s, gare\u2026). De plus, vous b\u00e9n\u00e9ficiez d&#8217;un acc\u00e8s rapide aux transports en commun (bus et m\u00e9tro) pour aller o\u00f9 vous voulez dans Rennes.<\/p>\n\n\n\n<p>Jouissez de la qualit\u00e9 de vie de la ville de Rennes.<\/p>\n\n\n\n<p>Long\u00e9e par la Vilaine, Rennes est connue pour son patrimoine culturel et architectural mais aussi pour son attractivit\u00e9 et son dynamisme dans le secteur des nouvelles technologies. Rennes, selon une \u00e9tude de la Commission Europ\u00e9enne de janvier 2016 est \u00e9lue 1\u00e8re ville fran\u00e7aise pour sa qualit\u00e9 de vie. La ville accueille toutes les g\u00e9n\u00e9rations, toutes les \u00e9motions et toutes vos envies.<\/p>\n\n\n\n<p>LHERMINE TRANSACTIONS NEUF<br>SPECIALISTE DU NEUF ET PRIX DIRECTS PROMOTEUR<br>26, Boulevard de Verdun &#8211; Rennes<\/p>\n\n\n\n<p>Envie de cet appartement ou besoin de plus de choix, votre contact :<br>M. JOUSSAUME L\u00e9o : +33 (0)6 . 38 . 25 . 39 . 92.<\/p>\n\n\n\n<figure class=\"wp-block-image size-large\"><img loading=\"lazy\" width=\"883\" height=\"830\" src=\"https:\/\/programme-neuf-rennes.fr\/wp-content\/uploads\/2021\/06\/plan-R8.png\" alt=\"APPARTEMENT EXEPTIONNEL \u00c0 RENNES CENTRE-VILLE - PLACE DE BRETAGNE - 123m2\" class=\"wp-image-3321\" srcset=\"https:\/\/programme-neuf-rennes.fr\/wp-content\/uploads\/2021\/06\/plan-R8.png 883w, https:\/\/programme-neuf-rennes.fr\/wp-content\/uploads\/2021\/06\/plan-R8-300x282.png 300w, https:\/\/programme-neuf-rennes.fr\/wp-content\/uploads\/2021\/06\/plan-R8-768x722.png 768w\" sizes=\"(max-width: 883px) 100vw, 883px\" \/><\/figure>\n\n\n\n<figure class=\"wp-block-image size-large\"><img loading=\"lazy\" width=\"872\" height=\"774\" src=\"https:\/\/programme-neuf-rennes.fr\/wp-content\/uploads\/2021\/06\/plan-R9.png\" alt=\"APPARTEMENT EXEPTIONNEL \u00c0 RENNES CENTRE-VILLE - PLACE DE BRETAGNE - 123m2\" class=\"wp-image-3322\" srcset=\"https:\/\/programme-neuf-rennes.fr\/wp-content\/uploads\/2021\/06\/plan-R9.png 872w, https:\/\/programme-neuf-rennes.fr\/wp-content\/uploads\/2021\/06\/plan-R9-300x266.png 300w, https:\/\/programme-neuf-rennes.fr\/wp-content\/uploads\/2021\/06\/plan-R9-768x682.png 768w\" sizes=\"(max-width: 872px) 100vw, 872px\" \/><\/figure>\n\n\n\n<figure class=\"wp-block-image size-large\"><img loading=\"lazy\" width=\"1024\" height=\"549\" src=\"https:\/\/programme-neuf-rennes.fr\/wp-content\/uploads\/2021\/06\/large-1-1024x549.jpg\" alt=\"APPARTEMENT EXEPTIONNEL \u00c0 RENNES CENTRE-VILLE - PLACE DE BRETAGNE - 123m2\" class=\"wp-image-3316\" srcset=\"https:\/\/programme-neuf-rennes.fr\/wp-content\/uploads\/2021\/06\/large-1-1024x549.jpg 1024w, https:\/\/programme-neuf-rennes.fr\/wp-content\/uploads\/2021\/06\/large-1-300x161.jpg 300w, https:\/\/programme-neuf-rennes.fr\/wp-content\/uploads\/2021\/06\/large-1-768x412.jpg 768w, https:\/\/programme-neuf-rennes.fr\/wp-content\/uploads\/2021\/06\/large-1-1536x824.jpg 1536w, https:\/\/programme-neuf-rennes.fr\/wp-content\/uploads\/2021\/06\/large-1.jpg 1920w\" sizes=\"(max-width: 1024px) 100vw, 1024px\" \/><\/figure>\n\n\n\n<figure class=\"wp-block-image size-large\"><img loading=\"lazy\" width=\"1024\" height=\"549\" src=\"https:\/\/programme-neuf-rennes.fr\/wp-content\/uploads\/2021\/06\/large-2-1024x549.jpg\" alt=\"APPARTEMENT EXEPTIONNEL \u00c0 RENNES CENTRE-VILLE - PLACE DE BRETAGNE - 123m2\" class=\"wp-image-3317\" srcset=\"https:\/\/programme-neuf-rennes.fr\/wp-content\/uploads\/2021\/06\/large-2-1024x549.jpg 1024w, https:\/\/programme-neuf-rennes.fr\/wp-content\/uploads\/2021\/06\/large-2-300x161.jpg 300w, https:\/\/programme-neuf-rennes.fr\/wp-content\/uploads\/2021\/06\/large-2-768x412.jpg 768w, https:\/\/programme-neuf-rennes.fr\/wp-content\/uploads\/2021\/06\/large-2-1536x824.jpg 1536w, https:\/\/programme-neuf-rennes.fr\/wp-content\/uploads\/2021\/06\/large-2.jpg 1920w\" sizes=\"(max-width: 1024px) 100vw, 1024px\" \/><\/figure>\n\n\n\n<figure class=\"wp-block-image size-large\"><img loading=\"lazy\" width=\"1024\" height=\"549\" src=\"https:\/\/programme-neuf-rennes.fr\/wp-content\/uploads\/2021\/06\/large-3-1024x549.jpg\" alt=\"APPARTEMENT EXEPTIONNEL \u00c0 RENNES CENTRE-VILLE - PLACE DE BRETAGNE - 123m2\" class=\"wp-image-3318\" srcset=\"https:\/\/programme-neuf-rennes.fr\/wp-content\/uploads\/2021\/06\/large-3-1024x549.jpg 1024w, https:\/\/programme-neuf-rennes.fr\/wp-content\/uploads\/2021\/06\/large-3-300x161.jpg 300w, https:\/\/programme-neuf-rennes.fr\/wp-content\/uploads\/2021\/06\/large-3-768x412.jpg 768w, https:\/\/programme-neuf-rennes.fr\/wp-content\/uploads\/2021\/06\/large-3-1536x824.jpg 1536w, https:\/\/programme-neuf-rennes.fr\/wp-content\/uploads\/2021\/06\/large-3.jpg 1920w\" sizes=\"(max-width: 1024px) 100vw, 1024px\" \/><\/figure>\n\n\n\n<figure class=\"wp-block-image size-large\"><img loading=\"lazy\" width=\"1024\" height=\"549\" src=\"https:\/\/programme-neuf-rennes.fr\/wp-content\/uploads\/2021\/06\/large-1024x549.jpg\" alt=\"APPARTEMENT EXEPTIONNEL \u00c0 RENNES CENTRE-VILLE - PLACE DE BRETAGNE - 123m2\" class=\"wp-image-3319\" srcset=\"https:\/\/programme-neuf-rennes.fr\/wp-content\/uploads\/2021\/06\/large-1024x549.jpg 1024w, https:\/\/programme-neuf-rennes.fr\/wp-content\/uploads\/2021\/06\/large-300x161.jpg 300w, https:\/\/programme-neuf-rennes.fr\/wp-content\/uploads\/2021\/06\/large-768x412.jpg 768w, https:\/\/programme-neuf-rennes.fr\/wp-content\/uploads\/2021\/06\/large-1536x824.jpg 1536w, https:\/\/programme-neuf-rennes.fr\/wp-content\/uploads\/2021\/06\/large.jpg 1920w\" sizes=\"(max-width: 1024px) 100vw, 1024px\" \/><\/figure>\n\n\n\n<figure class=\"wp-block-image size-large\"><img loading=\"lazy\" width=\"960\" height=\"515\" src=\"https:\/\/programme-neuf-rennes.fr\/wp-content\/uploads\/2021\/06\/medium.jpg\" alt=\"APPARTEMENT EXEPTIONNEL \u00c0 RENNES CENTRE-VILLE - PLACE DE BRETAGNE - 123m2\" class=\"wp-image-3320\" srcset=\"https:\/\/programme-neuf-rennes.fr\/wp-content\/uploads\/2021\/06\/medium.jpg 960w, https:\/\/programme-neuf-rennes.fr\/wp-content\/uploads\/2021\/06\/medium-300x161.jpg 300w, https:\/\/programme-neuf-rennes.fr\/wp-content\/uploads\/2021\/06\/medium-768x412.jpg 768w\" sizes=\"(max-width: 960px) 100vw, 960px\" \/><\/figure>\n","protected":false},"excerpt":{"rendered":"<p>Choisissez un appartement neuf, moderne et perfectionn\u00e9 pour vous &gt; EXEPTIONNEL \u00c0 RENNES CENTRE-VILLE &#8211; PLACE DE BRETAGNE Magnifique appartement au dernier \u00e9tage d&#8217;une r\u00e9sidence de Standing et calme. Belles prestations pour cet appartement neuf disponible imm\u00e9diatement ! Vous poss\u00e9dez trois chambres d&#8217;on une suite parentale avec terrasse expos\u00e9e plein Sud. \u00c0 proximit\u00e9 imm\u00e9diate du [&hellip;]<\/p>\n","protected":false},"author":2,"featured_media":3317,"comment_status":"closed","ping_status":"open","sticky":false,"template":"","format":"standard","meta":[],"categories":[1,32],"tags":[],"yoast_head":"<!-- This site is optimized with the Yoast SEO plugin v16.1.1 - https:\/\/yoast.com\/wordpress\/plugins\/seo\/ -->\n<title>HERITAJ - RENNES-CENTRE (35) - Lhermine Immobilier<\/title>\n<meta name=\"description\" content=\"APPARTEMENT EXEPTIONNEL \u00c0 RENNES CENTRE-VILLE - PLACE DE BRETAGNE - 123m2\" \/>\n<link rel=\"canonical\" href=\"https:\/\/programme-neuf-rennes.fr\/index.php\/2021\/06\/02\/heritaj-rennes-centre-35\/\" \/>\n<meta property=\"og:locale\" content=\"fr_FR\" \/>\n<meta property=\"og:type\" content=\"article\" \/>\n<meta property=\"og:title\" content=\"HERITAJ - RENNES-CENTRE (35) - Lhermine Immobilier\" \/>\n<meta property=\"og:description\" content=\"APPARTEMENT EXEPTIONNEL \u00c0 RENNES CENTRE-VILLE - PLACE DE BRETAGNE - 123m2\" \/>\n<meta property=\"og:url\" content=\"https:\/\/programme-neuf-rennes.fr\/index.php\/2021\/06\/02\/heritaj-rennes-centre-35\/\" \/>\n<meta property=\"og:site_name\" content=\"Lhermine Immobilier\" \/>\n<meta property=\"article:published_time\" content=\"2021-06-02T11:33:12+00:00\" \/>\n<meta property=\"article:modified_time\" content=\"2026-02-23T08:46:26+00:00\" \/>\n<meta property=\"og:image\" content=\"https:\/\/programme-neuf-rennes.fr\/wp-content\/uploads\/2021\/06\/large-2.jpg\" \/>\n\t<meta property=\"og:image:width\" content=\"1920\" \/>\n\t<meta property=\"og:image:height\" content=\"1030\" \/>\n<meta name=\"twitter:card\" content=\"summary_large_image\" \/>\n<meta name=\"twitter:label1\" content=\"Dur\u00e9e de lecture est.\">\n\t<meta name=\"twitter:data1\" content=\"4 minutes\">\n<script type=\"application\/ld+json\" class=\"yoast-schema-graph\">{\"@context\":\"https:\/\/schema.org\",\"@graph\":[{\"@type\":\"WebSite\",\"@id\":\"https:\/\/programme-neuf-rennes.fr\/#website\",\"url\":\"https:\/\/programme-neuf-rennes.fr\/\",\"name\":\"Lhermine Immobilier\",\"description\":\"Programme immobilier Neuf Rennes - Investissement et d\\u00e9fiscalisastion\",\"potentialAction\":[{\"@type\":\"SearchAction\",\"target\":\"https:\/\/programme-neuf-rennes.fr\/?s={search_term_string}\",\"query-input\":\"required name=search_term_string\"}],\"inLanguage\":\"fr-FR\"},{\"@type\":\"ImageObject\",\"@id\":\"https:\/\/programme-neuf-rennes.fr\/index.php\/2021\/06\/02\/heritaj-rennes-centre-35\/#primaryimage\",\"inLanguage\":\"fr-FR\",\"url\":\"https:\/\/programme-neuf-rennes.fr\/wp-content\/uploads\/2021\/06\/large-2.jpg\",\"contentUrl\":\"https:\/\/programme-neuf-rennes.fr\/wp-content\/uploads\/2021\/06\/large-2.jpg\",\"width\":1920,\"height\":1030},{\"@type\":\"WebPage\",\"@id\":\"https:\/\/programme-neuf-rennes.fr\/index.php\/2021\/06\/02\/heritaj-rennes-centre-35\/#webpage\",\"url\":\"https:\/\/programme-neuf-rennes.fr\/index.php\/2021\/06\/02\/heritaj-rennes-centre-35\/\",\"name\":\"HERITAJ - RENNES-CENTRE (35) - Lhermine Immobilier\",\"isPartOf\":{\"@id\":\"https:\/\/programme-neuf-rennes.fr\/#website\"},\"primaryImageOfPage\":{\"@id\":\"https:\/\/programme-neuf-rennes.fr\/index.php\/2021\/06\/02\/heritaj-rennes-centre-35\/#primaryimage\"},\"datePublished\":\"2021-06-02T11:33:12+00:00\",\"dateModified\":\"2026-02-23T08:46:26+00:00\",\"author\":{\"@id\":\"https:\/\/programme-neuf-rennes.fr\/#\/schema\/person\/6f275fdb7cd4aecb5d93030cd68af40f\"},\"description\":\"APPARTEMENT EXEPTIONNEL \\u00c0 RENNES CENTRE-VILLE - PLACE DE BRETAGNE - 123m2\",\"breadcrumb\":{\"@id\":\"https:\/\/programme-neuf-rennes.fr\/index.php\/2021\/06\/02\/heritaj-rennes-centre-35\/#breadcrumb\"},\"inLanguage\":\"fr-FR\",\"potentialAction\":[{\"@type\":\"ReadAction\",\"target\":[\"https:\/\/programme-neuf-rennes.fr\/index.php\/2021\/06\/02\/heritaj-rennes-centre-35\/\"]}]},{\"@type\":\"BreadcrumbList\",\"@id\":\"https:\/\/programme-neuf-rennes.fr\/index.php\/2021\/06\/02\/heritaj-rennes-centre-35\/#breadcrumb\",\"itemListElement\":[{\"@type\":\"ListItem\",\"position\":1,\"item\":{\"@type\":\"WebPage\",\"@id\":\"https:\/\/programme-neuf-rennes.fr\/\",\"url\":\"https:\/\/programme-neuf-rennes.fr\/\",\"name\":\"Accueil\"}},{\"@type\":\"ListItem\",\"position\":2,\"item\":{\"@type\":\"WebPage\",\"@id\":\"https:\/\/programme-neuf-rennes.fr\/index.php\/2021\/06\/02\/heritaj-rennes-centre-35\/\",\"url\":\"https:\/\/programme-neuf-rennes.fr\/index.php\/2021\/06\/02\/heritaj-rennes-centre-35\/\",\"name\":\"HERITAJ &#8211; RENNES-CENTRE (35)\"}}]},{\"@type\":\"Person\",\"@id\":\"https:\/\/programme-neuf-rennes.fr\/#\/schema\/person\/6f275fdb7cd4aecb5d93030cd68af40f\",\"name\":\"Damien Cottereau\",\"image\":{\"@type\":\"ImageObject\",\"@id\":\"https:\/\/programme-neuf-rennes.fr\/#personlogo\",\"inLanguage\":\"fr-FR\",\"url\":\"https:\/\/secure.gravatar.com\/avatar\/f38eb6e3211af79a3fb76f3c50f384a4?s=96&d=mm&r=g\",\"contentUrl\":\"https:\/\/secure.gravatar.com\/avatar\/f38eb6e3211af79a3fb76f3c50f384a4?s=96&d=mm&r=g\",\"caption\":\"Damien Cottereau\"}}]}<\/script>\n<!-- \/ Yoast SEO plugin. -->","_links":{"self":[{"href":"https:\/\/programme-neuf-rennes.fr\/index.php\/wp-json\/wp\/v2\/posts\/3315"}],"collection":[{"href":"https:\/\/programme-neuf-rennes.fr\/index.php\/wp-json\/wp\/v2\/posts"}],"about":[{"href":"https:\/\/programme-neuf-rennes.fr\/index.php\/wp-json\/wp\/v2\/types\/post"}],"author":[{"embeddable":true,"href":"https:\/\/programme-neuf-rennes.fr\/index.php\/wp-json\/wp\/v2\/users\/2"}],"replies":[{"embeddable":true,"href":"https:\/\/programme-neuf-rennes.fr\/index.php\/wp-json\/wp\/v2\/comments?post=3315"}],"version-history":[{"count":1,"href":"https:\/\/programme-neuf-rennes.fr\/index.php\/wp-json\/wp\/v2\/posts\/3315\/revisions"}],"predecessor-version":[{"id":3323,"href":"https:\/\/programme-neuf-rennes.fr\/index.php\/wp-json\/wp\/v2\/posts\/3315\/revisions\/3323"}],"wp:featuredmedia":[{"embeddable":true,"href":"https:\/\/programme-neuf-rennes.fr\/index.php\/wp-json\/wp\/v2\/media\/3317"}],"wp:attachment":[{"href":"https:\/\/programme-neuf-rennes.fr\/index.php\/wp-json\/wp\/v2\/media?parent=3315"}],"wp:term":[{"taxonomy":"category","embeddable":true,"href":"https:\/\/programme-neuf-rennes.fr\/index.php\/wp-json\/wp\/v2\/categories?post=3315"},{"taxonomy":"post_tag","embeddable":true,"href":"https:\/\/programme-neuf-rennes.fr\/index.php\/wp-json\/wp\/v2\/tags?post=3315"}],"curies":[{"name":"wp","href":"https:\/\/api.w.org\/{rel}","templated":true}]}}