{"id":3062,"date":"2021-04-22T16:26:15","date_gmt":"2021-04-22T14:26:15","guid":{"rendered":"https:\/\/programme-neuf-rennes.fr\/?p=3062"},"modified":"2026-02-23T09:46:43","modified_gmt":"2026-02-23T08:46:43","slug":"edelweiss-rennes","status":"publish","type":"post","link":"https:\/\/programme-neuf-rennes.fr\/index.php\/2021\/04\/22\/edelweiss-rennes\/","title":{"rendered":"EDELWEISS &#8211; RENNES (35)"},"content":{"rendered":"\n<h3>Disponibilit\u00e9 2\u00e8me trimestre 2022 &#8211; Du T3 au T5 &#8211; <strong>110 rue de Vern &#8211; Rennes (35)<\/strong><\/h3>\n\n\n\n<p>A 7 minutes de la gare, 16 minutes du centre-ville et des campus, la r\u00e9sidence Edelweiss offrira \u00e0 ses futurs occupants un cadre de vie privil\u00e9gi\u00e9. Le quartier Francisco-Ferrer, autre fois rural, ne cesse de s\u2019urbaniser et propose aujourd\u2019hui de nombreuses infrastructures et commerces de proximit\u00e9. Une r\u00e9sidence \u00e0 l\u2019architecture sobre et \u00e9pur\u00e9e, avec sa fa\u00e7ade immacul\u00e9e de blanc. Des appartements du T1 au T5, qui b\u00e9n\u00e9ficient d\u2019orientations favorables avec de beaux ext\u00e9rieurs : jardins privatifs en rez-de-chauss\u00e9e, balcons ou encore terrasses en attique. L\u2019apport de lumi\u00e8re naturelle a \u00e9t\u00e9 recherch\u00e9 sur l\u2019ensemble de la r\u00e9sidence, gr\u00e2ce notamment aux garde-corps en t\u00f4le perfor\u00e9e blanche, aux pare-vues en verre d\u00e9poli ou encore aux grandes baies vitr\u00e9es. EDELWEISS s\u2019int\u00e8gre dans un environnement paysager compos\u00e9 d\u2019arbres et de fleurs, offrant une sensation de calme et de tranquillit\u00e9 pour ses r\u00e9sidents.<\/p>\n\n\n\n<figure class=\"wp-block-image size-large\"><img loading=\"lazy\" width=\"1024\" height=\"512\" src=\"https:\/\/programme-neuf-rennes.fr\/wp-content\/uploads\/2021\/04\/thumb_137_default_1600x645-1024x512.jpeg\" alt=\"Programme neuf Rennes\" class=\"wp-image-3063\" srcset=\"https:\/\/programme-neuf-rennes.fr\/wp-content\/uploads\/2021\/04\/thumb_137_default_1600x645-1024x512.jpeg 1024w, https:\/\/programme-neuf-rennes.fr\/wp-content\/uploads\/2021\/04\/thumb_137_default_1600x645-300x150.jpeg 300w, https:\/\/programme-neuf-rennes.fr\/wp-content\/uploads\/2021\/04\/thumb_137_default_1600x645-768x384.jpeg 768w, https:\/\/programme-neuf-rennes.fr\/wp-content\/uploads\/2021\/04\/thumb_137_default_1600x645.jpeg 1289w\" sizes=\"(max-width: 1024px) 100vw, 1024px\" \/><\/figure>\n\n\n\n<figure class=\"wp-block-image size-large\"><img loading=\"lazy\" width=\"952\" height=\"645\" src=\"https:\/\/programme-neuf-rennes.fr\/wp-content\/uploads\/2021\/04\/thumb_138_default_1600x645.jpeg\" alt=\"Programme neuf Rennes\" class=\"wp-image-3065\" srcset=\"https:\/\/programme-neuf-rennes.fr\/wp-content\/uploads\/2021\/04\/thumb_138_default_1600x645.jpeg 952w, https:\/\/programme-neuf-rennes.fr\/wp-content\/uploads\/2021\/04\/thumb_138_default_1600x645-300x203.jpeg 300w, https:\/\/programme-neuf-rennes.fr\/wp-content\/uploads\/2021\/04\/thumb_138_default_1600x645-768x520.jpeg 768w\" sizes=\"(max-width: 952px) 100vw, 952px\" \/><\/figure>\n\n\n\n<figure class=\"wp-block-image size-large\"><img loading=\"lazy\" width=\"1024\" height=\"576\" src=\"https:\/\/programme-neuf-rennes.fr\/wp-content\/uploads\/2021\/04\/thumb_6861_default_1600x645-1024x576.jpeg\" alt=\"Programme neuf Rennes\" class=\"wp-image-3066\" srcset=\"https:\/\/programme-neuf-rennes.fr\/wp-content\/uploads\/2021\/04\/thumb_6861_default_1600x645-1024x576.jpeg 1024w, https:\/\/programme-neuf-rennes.fr\/wp-content\/uploads\/2021\/04\/thumb_6861_default_1600x645-300x169.jpeg 300w, https:\/\/programme-neuf-rennes.fr\/wp-content\/uploads\/2021\/04\/thumb_6861_default_1600x645-768x432.jpeg 768w, https:\/\/programme-neuf-rennes.fr\/wp-content\/uploads\/2021\/04\/thumb_6861_default_1600x645.jpeg 1147w\" sizes=\"(max-width: 1024px) 100vw, 1024px\" \/><\/figure>\n\n\n\n<figure class=\"wp-block-image size-large is-resized\"><img loading=\"lazy\" src=\"https:\/\/programme-neuf-rennes.fr\/wp-content\/uploads\/2021\/04\/thumb_3485_default_1600x645-1024x576.jpeg\" alt=\"Programme neuf Rennes\" class=\"wp-image-3064\" width=\"840\" height=\"472\" srcset=\"https:\/\/programme-neuf-rennes.fr\/wp-content\/uploads\/2021\/04\/thumb_3485_default_1600x645-1024x576.jpeg 1024w, https:\/\/programme-neuf-rennes.fr\/wp-content\/uploads\/2021\/04\/thumb_3485_default_1600x645-300x169.jpeg 300w, https:\/\/programme-neuf-rennes.fr\/wp-content\/uploads\/2021\/04\/thumb_3485_default_1600x645-768x432.jpeg 768w, https:\/\/programme-neuf-rennes.fr\/wp-content\/uploads\/2021\/04\/thumb_3485_default_1600x645.jpeg 1147w\" sizes=\"(max-width: 840px) 100vw, 840px\" \/><\/figure>\n\n\n\n<figure class=\"wp-block-image size-large\"><img loading=\"lazy\" width=\"1024\" height=\"576\" src=\"https:\/\/programme-neuf-rennes.fr\/wp-content\/uploads\/2021\/04\/thumb_6862_default_1600x645-1024x576.jpeg\" alt=\"Programme neuf Rennes\" class=\"wp-image-3067\" srcset=\"https:\/\/programme-neuf-rennes.fr\/wp-content\/uploads\/2021\/04\/thumb_6862_default_1600x645-1024x576.jpeg 1024w, https:\/\/programme-neuf-rennes.fr\/wp-content\/uploads\/2021\/04\/thumb_6862_default_1600x645-300x169.jpeg 300w, https:\/\/programme-neuf-rennes.fr\/wp-content\/uploads\/2021\/04\/thumb_6862_default_1600x645-768x432.jpeg 768w, https:\/\/programme-neuf-rennes.fr\/wp-content\/uploads\/2021\/04\/thumb_6862_default_1600x645.jpeg 1147w\" sizes=\"(max-width: 1024px) 100vw, 1024px\" \/><\/figure>\n","protected":false},"excerpt":{"rendered":"<p>Disponibilit\u00e9 2\u00e8me trimestre 2022 &#8211; Du T3 au T5 &#8211; 110 rue de Vern &#8211; Rennes (35) A 7 minutes de la gare, 16 minutes du centre-ville et des campus, la r\u00e9sidence Edelweiss offrira \u00e0 ses futurs occupants un cadre de vie privil\u00e9gi\u00e9. Le quartier Francisco-Ferrer, autre fois rural, ne cesse de s\u2019urbaniser et propose [&hellip;]<\/p>\n","protected":false},"author":2,"featured_media":3063,"comment_status":"closed","ping_status":"open","sticky":false,"template":"","format":"standard","meta":[],"categories":[1,32],"tags":[],"yoast_head":"<!-- This site is optimized with the Yoast SEO plugin v16.1.1 - https:\/\/yoast.com\/wordpress\/plugins\/seo\/ -->\n<title>EDELWEISS - RENNES (35) - Lhermine Immobilier<\/title>\n<meta name=\"description\" content=\"Programme neuf LHERMINE TRANSACTIONS Sp\u00e9cialiste de l&#039;immobilier neuf. Du conseil au m\u00eame prix que les promoteurs eux-m\u00eames \u00e0 Rennes et sa p\u00e9riph\u00e9rie - Saint Malo - Dinard\" \/>\n<link rel=\"canonical\" href=\"https:\/\/programme-neuf-rennes.fr\/index.php\/2021\/04\/22\/edelweiss-rennes\/\" \/>\n<meta property=\"og:locale\" content=\"fr_FR\" \/>\n<meta property=\"og:type\" content=\"article\" \/>\n<meta property=\"og:title\" content=\"EDELWEISS - RENNES (35) - Lhermine Immobilier\" \/>\n<meta property=\"og:description\" content=\"Programme neuf LHERMINE TRANSACTIONS Sp\u00e9cialiste de l&#039;immobilier neuf. Du conseil au m\u00eame prix que les promoteurs eux-m\u00eames \u00e0 Rennes et sa p\u00e9riph\u00e9rie - Saint Malo - Dinard\" \/>\n<meta property=\"og:url\" content=\"https:\/\/programme-neuf-rennes.fr\/index.php\/2021\/04\/22\/edelweiss-rennes\/\" \/>\n<meta property=\"og:site_name\" content=\"Lhermine Immobilier\" \/>\n<meta property=\"article:published_time\" content=\"2021-04-22T14:26:15+00:00\" \/>\n<meta property=\"article:modified_time\" content=\"2026-02-23T08:46:43+00:00\" \/>\n<meta property=\"og:image\" content=\"https:\/\/programme-neuf-rennes.fr\/wp-content\/uploads\/2021\/04\/thumb_137_default_1600x645.jpeg\" \/>\n\t<meta property=\"og:image:width\" content=\"1289\" \/>\n\t<meta property=\"og:image:height\" content=\"645\" \/>\n<meta name=\"twitter:card\" content=\"summary_large_image\" \/>\n<meta name=\"twitter:label1\" content=\"Dur\u00e9e de lecture est.\">\n\t<meta name=\"twitter:data1\" content=\"2 minutes\">\n<script type=\"application\/ld+json\" class=\"yoast-schema-graph\">{\"@context\":\"https:\/\/schema.org\",\"@graph\":[{\"@type\":\"WebSite\",\"@id\":\"https:\/\/programme-neuf-rennes.fr\/#website\",\"url\":\"https:\/\/programme-neuf-rennes.fr\/\",\"name\":\"Lhermine Immobilier\",\"description\":\"Programme immobilier Neuf Rennes - Investissement et d\\u00e9fiscalisastion\",\"potentialAction\":[{\"@type\":\"SearchAction\",\"target\":\"https:\/\/programme-neuf-rennes.fr\/?s={search_term_string}\",\"query-input\":\"required name=search_term_string\"}],\"inLanguage\":\"fr-FR\"},{\"@type\":\"ImageObject\",\"@id\":\"https:\/\/programme-neuf-rennes.fr\/index.php\/2021\/04\/22\/edelweiss-rennes\/#primaryimage\",\"inLanguage\":\"fr-FR\",\"url\":\"https:\/\/programme-neuf-rennes.fr\/wp-content\/uploads\/2021\/04\/thumb_137_default_1600x645.jpeg\",\"contentUrl\":\"https:\/\/programme-neuf-rennes.fr\/wp-content\/uploads\/2021\/04\/thumb_137_default_1600x645.jpeg\",\"width\":1289,\"height\":645},{\"@type\":\"WebPage\",\"@id\":\"https:\/\/programme-neuf-rennes.fr\/index.php\/2021\/04\/22\/edelweiss-rennes\/#webpage\",\"url\":\"https:\/\/programme-neuf-rennes.fr\/index.php\/2021\/04\/22\/edelweiss-rennes\/\",\"name\":\"EDELWEISS - RENNES (35) - Lhermine Immobilier\",\"isPartOf\":{\"@id\":\"https:\/\/programme-neuf-rennes.fr\/#website\"},\"primaryImageOfPage\":{\"@id\":\"https:\/\/programme-neuf-rennes.fr\/index.php\/2021\/04\/22\/edelweiss-rennes\/#primaryimage\"},\"datePublished\":\"2021-04-22T14:26:15+00:00\",\"dateModified\":\"2026-02-23T08:46:43+00:00\",\"author\":{\"@id\":\"https:\/\/programme-neuf-rennes.fr\/#\/schema\/person\/6f275fdb7cd4aecb5d93030cd68af40f\"},\"description\":\"Programme neuf LHERMINE TRANSACTIONS Sp\\u00e9cialiste de l'immobilier neuf. Du conseil au m\\u00eame prix que les promoteurs eux-m\\u00eames \\u00e0 Rennes et sa p\\u00e9riph\\u00e9rie - Saint Malo - Dinard\",\"breadcrumb\":{\"@id\":\"https:\/\/programme-neuf-rennes.fr\/index.php\/2021\/04\/22\/edelweiss-rennes\/#breadcrumb\"},\"inLanguage\":\"fr-FR\",\"potentialAction\":[{\"@type\":\"ReadAction\",\"target\":[\"https:\/\/programme-neuf-rennes.fr\/index.php\/2021\/04\/22\/edelweiss-rennes\/\"]}]},{\"@type\":\"BreadcrumbList\",\"@id\":\"https:\/\/programme-neuf-rennes.fr\/index.php\/2021\/04\/22\/edelweiss-rennes\/#breadcrumb\",\"itemListElement\":[{\"@type\":\"ListItem\",\"position\":1,\"item\":{\"@type\":\"WebPage\",\"@id\":\"https:\/\/programme-neuf-rennes.fr\/\",\"url\":\"https:\/\/programme-neuf-rennes.fr\/\",\"name\":\"Accueil\"}},{\"@type\":\"ListItem\",\"position\":2,\"item\":{\"@type\":\"WebPage\",\"@id\":\"https:\/\/programme-neuf-rennes.fr\/index.php\/2021\/04\/22\/edelweiss-rennes\/\",\"url\":\"https:\/\/programme-neuf-rennes.fr\/index.php\/2021\/04\/22\/edelweiss-rennes\/\",\"name\":\"EDELWEISS &#8211; RENNES (35)\"}}]},{\"@type\":\"Person\",\"@id\":\"https:\/\/programme-neuf-rennes.fr\/#\/schema\/person\/6f275fdb7cd4aecb5d93030cd68af40f\",\"name\":\"Damien Cottereau\",\"image\":{\"@type\":\"ImageObject\",\"@id\":\"https:\/\/programme-neuf-rennes.fr\/#personlogo\",\"inLanguage\":\"fr-FR\",\"url\":\"https:\/\/secure.gravatar.com\/avatar\/f38eb6e3211af79a3fb76f3c50f384a4?s=96&d=mm&r=g\",\"contentUrl\":\"https:\/\/secure.gravatar.com\/avatar\/f38eb6e3211af79a3fb76f3c50f384a4?s=96&d=mm&r=g\",\"caption\":\"Damien Cottereau\"}}]}<\/script>\n<!-- \/ Yoast SEO plugin. -->","_links":{"self":[{"href":"https:\/\/programme-neuf-rennes.fr\/index.php\/wp-json\/wp\/v2\/posts\/3062"}],"collection":[{"href":"https:\/\/programme-neuf-rennes.fr\/index.php\/wp-json\/wp\/v2\/posts"}],"about":[{"href":"https:\/\/programme-neuf-rennes.fr\/index.php\/wp-json\/wp\/v2\/types\/post"}],"author":[{"embeddable":true,"href":"https:\/\/programme-neuf-rennes.fr\/index.php\/wp-json\/wp\/v2\/users\/2"}],"replies":[{"embeddable":true,"href":"https:\/\/programme-neuf-rennes.fr\/index.php\/wp-json\/wp\/v2\/comments?post=3062"}],"version-history":[{"count":3,"href":"https:\/\/programme-neuf-rennes.fr\/index.php\/wp-json\/wp\/v2\/posts\/3062\/revisions"}],"predecessor-version":[{"id":3691,"href":"https:\/\/programme-neuf-rennes.fr\/index.php\/wp-json\/wp\/v2\/posts\/3062\/revisions\/3691"}],"wp:featuredmedia":[{"embeddable":true,"href":"https:\/\/programme-neuf-rennes.fr\/index.php\/wp-json\/wp\/v2\/media\/3063"}],"wp:attachment":[{"href":"https:\/\/programme-neuf-rennes.fr\/index.php\/wp-json\/wp\/v2\/media?parent=3062"}],"wp:term":[{"taxonomy":"category","embeddable":true,"href":"https:\/\/programme-neuf-rennes.fr\/index.php\/wp-json\/wp\/v2\/categories?post=3062"},{"taxonomy":"post_tag","embeddable":true,"href":"https:\/\/programme-neuf-rennes.fr\/index.php\/wp-json\/wp\/v2\/tags?post=3062"}],"curies":[{"name":"wp","href":"https:\/\/api.w.org\/{rel}","templated":true}]}}